{"id":439,"date":"2026-02-22T23:26:07","date_gmt":"2026-02-22T23:26:07","guid":{"rendered":"http:\/\/www.jesusamarrado.com\/?p=439"},"modified":"2026-02-22T23:26:07","modified_gmt":"2026-02-22T23:26:07","slug":"via-crucis-2026","status":"publish","type":"post","link":"http:\/\/www.jesusamarrado.com\/?p=439","title":{"rendered":"V\u00eda Crucis 2026"},"content":{"rendered":"\n<p>La noche del viernes volvi\u00f3 a te\u00f1irse de recogimiento en el&nbsp;<a href=\"https:\/\/www.cuencanews.es\/tag\/barrio-de-san-anton\">barrio de San Ant\u00f3n<\/a>&nbsp;con una de las citas m\u00e1s \u00edntimas y esperadas de la Cuaresma conquense. La Ilustre y Venerable Hermandad de Nuestro Padre Jes\u00fas&nbsp;<a href=\"https:\/\/www.cuencanews.es\/tag\/amarrado\">Amarrado<\/a>&nbsp;a la Columna celebr\u00f3 su tradicional V\u00eda Crucis con la Imagen Titular, en un acto cargado de fe, silencio y profunda emoci\u00f3n.<\/p>\n\n\n\n<p>La cita comenz\u00f3 a las 19:15 horas en la Parroquia de Nuestra Se\u00f1ora Virgen de la Luz, donde se ofici\u00f3 la Eucarist\u00eda previa al rezo del V\u00eda Crucis. La misa estuvo presidida por el obispo de la Di\u00f3cesis de Cuenca, monse\u00f1or Jos\u00e9 Mar\u00eda Yanguas, y cont\u00f3 con el acompa\u00f1amiento del Coro de C\u00e1mara \u201cAlonso Lobo\u201d, cuyas voces envolvieron el templo en una atm\u00f3sfera de solemnidad y oraci\u00f3n.<\/p>\n\n\n\n<figure class=\"wp-block-image size-large\"><img loading=\"lazy\" decoding=\"async\" width=\"1024\" height=\"682\" src=\"http:\/\/www.jesusamarrado.com\/wp-content\/uploads\/2026\/02\/viacrucis026-1024x682.jpg\" alt=\"\" class=\"wp-image-440\" srcset=\"http:\/\/www.jesusamarrado.com\/wp-content\/uploads\/2026\/02\/viacrucis026-1024x682.jpg 1024w, http:\/\/www.jesusamarrado.com\/wp-content\/uploads\/2026\/02\/viacrucis026-300x200.jpg 300w, http:\/\/www.jesusamarrado.com\/wp-content\/uploads\/2026\/02\/viacrucis026-768x511.jpg 768w, http:\/\/www.jesusamarrado.com\/wp-content\/uploads\/2026\/02\/viacrucis026.jpg 1280w\" sizes=\"auto, (max-width: 1024px) 100vw, 1024px\" \/><\/figure>\n\n\n\n<p>Tras la celebraci\u00f3n lit\u00fargica, y ya pasadas las 20:00 horas, se abrieron las puertas del templo para dar comienzo al V\u00eda Crucis por las calles del barrio. La talla de Nuestro Padre Jes\u00fas Amarrado a la Columna, presentada en esta ocasi\u00f3n sin el say\u00f3n que le azota cada Jueves Santo, avanz\u00f3 lentamente portada por los banceros del pasado desfile de Paz y Caridad. La ausencia de esa figura secundaria acentuaba a\u00fan m\u00e1s la mirada serena y sufriente del Se\u00f1or, invitando a la contemplaci\u00f3n personal del misterio del dolor y la redenci\u00f3n.<\/p>\n\n\n\n<p>El cortejo estuvo acompa\u00f1ado musicalmente por el tr\u00edo de Capilla de Cuenca, cuyo repertorio contribuy\u00f3 a crear una atm\u00f3sfera especialmente propicia para la reflexi\u00f3n y la meditaci\u00f3n propias de este tiempo lit\u00fargico. Las notas, suaves y contenidas, se fund\u00edan con el murmullo de las oraciones, el leve crepitar de las velas, el olor a incienso y el rugir de r\u00edo J\u00facar marcaron un a\u00f1os m\u00e1s V\u00eda Crucis.<\/p>\n\n\n\n<figure class=\"wp-block-embed is-type-video is-provider-youtube wp-block-embed-youtube wp-embed-aspect-16-9 wp-has-aspect-ratio\"><div class=\"wp-block-embed__wrapper\">\n<iframe loading=\"lazy\" title=\"Vi\u0301a Crucis de Nuestro Padre Jesu\u0301s Amarrado a la Columna 2026\" width=\"500\" height=\"281\" src=\"https:\/\/www.youtube.com\/embed\/KpSXABZCexk?feature=oembed\" frameborder=\"0\" allow=\"accelerometer; autoplay; clipboard-write; encrypted-media; gyroscope; picture-in-picture; web-share\" referrerpolicy=\"strict-origin-when-cross-origin\" allowfullscreen><\/iframe>\n<\/div><\/figure>\n\n\n\n<p>El itinerario fue el habitual: calle San L\u00e1zaro, avenida de los Alfares, calle Bel\u00e9n y calle Hermanos P\u00e9rez del Moral, regresando posteriormente por el mismo recorrido en sentido inverso. A lo largo del trayecto se realizaron catorce paradas, correspondientes a las estaciones del V\u00eda Crucis, cuyas lecturas fueron compartidas por los propios hermanos y fieles.<\/p>\n\n\n\n<p>En cada estaci\u00f3n, el silencio se hac\u00eda m\u00e1s profundo, roto \u00fanicamente por la proclamaci\u00f3n de las meditaciones. Con velas encendidas entre las manos y el rezo susurrado acompa\u00f1ando cada paso, vecinos y hermanos caminaron tras la Imagen, transformando las calles de San Ant\u00f3n en un aut\u00e9ntico templo al aire libre.<\/p>\n\n\n\n<p>La luz tenue de las velas, el sonido acompasado de los pasos y la presencia cercana del Se\u00f1or amarrado a la Columna ofrecieron una estampa de intensa espiritualidad. Un a\u00f1o m\u00e1s, la Hermandad volvi\u00f3 a convertir esta noche cuaresmal en un momento de encuentro con Cristo, de examen interior y de preparaci\u00f3n para la inminente Semana Santa.<\/p>\n\n\n\n<p>Fuente: CuencaNews<\/p>\n","protected":false},"excerpt":{"rendered":"<p>La noche del viernes volvi\u00f3 a te\u00f1irse de recogimiento en el&nbsp;barrio de San Ant\u00f3n&nbsp;con una de las citas m\u00e1s \u00edntimas y esperadas de la Cuaresma conquense. La Ilustre y Venerable Hermandad de Nuestro Padre Jes\u00fas&nbsp;Amarrado&nbsp;a la Columna celebr\u00f3 su tradicional V\u00eda Crucis con la Imagen Titular, en un acto cargado de fe, silencio y profunda [&hellip;]<\/p>\n","protected":false},"author":1,"featured_media":0,"comment_status":"open","ping_status":"open","sticky":false,"template":"","format":"standard","meta":{"_eb_attr":"","footnotes":""},"categories":[7],"tags":[8],"class_list":["post-439","post","type-post","status-publish","format-standard","hentry","category-noticias","tag-via-crucis"],"_links":{"self":[{"href":"http:\/\/www.jesusamarrado.com\/index.php?rest_route=\/wp\/v2\/posts\/439","targetHints":{"allow":["GET"]}}],"collection":[{"href":"http:\/\/www.jesusamarrado.com\/index.php?rest_route=\/wp\/v2\/posts"}],"about":[{"href":"http:\/\/www.jesusamarrado.com\/index.php?rest_route=\/wp\/v2\/types\/post"}],"author":[{"embeddable":true,"href":"http:\/\/www.jesusamarrado.com\/index.php?rest_route=\/wp\/v2\/users\/1"}],"replies":[{"embeddable":true,"href":"http:\/\/www.jesusamarrado.com\/index.php?rest_route=%2Fwp%2Fv2%2Fcomments&post=439"}],"version-history":[{"count":1,"href":"http:\/\/www.jesusamarrado.com\/index.php?rest_route=\/wp\/v2\/posts\/439\/revisions"}],"predecessor-version":[{"id":441,"href":"http:\/\/www.jesusamarrado.com\/index.php?rest_route=\/wp\/v2\/posts\/439\/revisions\/441"}],"wp:attachment":[{"href":"http:\/\/www.jesusamarrado.com\/index.php?rest_route=%2Fwp%2Fv2%2Fmedia&parent=439"}],"wp:term":[{"taxonomy":"category","embeddable":true,"href":"http:\/\/www.jesusamarrado.com\/index.php?rest_route=%2Fwp%2Fv2%2Fcategories&post=439"},{"taxonomy":"post_tag","embeddable":true,"href":"http:\/\/www.jesusamarrado.com\/index.php?rest_route=%2Fwp%2Fv2%2Ftags&post=439"}],"curies":[{"name":"wp","href":"https:\/\/api.w.org\/{rel}","templated":true}]}}