{"id":430,"date":"2026-01-29T21:45:33","date_gmt":"2026-01-29T21:45:33","guid":{"rendered":"http:\/\/www.jesusamarrado.com\/?p=430"},"modified":"2026-01-29T21:45:33","modified_gmt":"2026-01-29T21:45:33","slug":"cartel-via-crucis-2026","status":"publish","type":"post","link":"http:\/\/www.jesusamarrado.com\/?p=430","title":{"rendered":"Cartel Via Crucis 2026"},"content":{"rendered":"\n<figure class=\"wp-block-image size-large\"><img loading=\"lazy\" decoding=\"async\" width=\"733\" height=\"1024\" src=\"http:\/\/www.jesusamarrado.com\/wp-content\/uploads\/2024\/02\/cartelviacrucis26-733x1024.jpg\" alt=\"\" class=\"wp-image-428\" srcset=\"http:\/\/www.jesusamarrado.com\/wp-content\/uploads\/2024\/02\/cartelviacrucis26-733x1024.jpg 733w, http:\/\/www.jesusamarrado.com\/wp-content\/uploads\/2024\/02\/cartelviacrucis26-215x300.jpg 215w, http:\/\/www.jesusamarrado.com\/wp-content\/uploads\/2024\/02\/cartelviacrucis26-768x1072.jpg 768w, http:\/\/www.jesusamarrado.com\/wp-content\/uploads\/2024\/02\/cartelviacrucis26-1100x1536.jpg 1100w, http:\/\/www.jesusamarrado.com\/wp-content\/uploads\/2024\/02\/cartelviacrucis26.jpg 1146w\" sizes=\"auto, (max-width: 733px) 100vw, 733px\" \/><figcaption class=\"wp-element-caption\">Autor: Tom\u00e1s Bux.<\/figcaption><\/figure>\n\n\n\n<p>En primer plano podemos contemplar la imagen realista de Nuestro Padre Jes\u00fas Amarrado a la Columna, arropado a su izquierda por casas bajas, estrechas y reducidas, t\u00edpicas del barrio del Perchel con las que puedes tocar los tejados. A la derecha de la talla \u00abnuestra parroquia de la Virgen de la Luz, que se divisa al fondo con el puente de San Ant\u00f3n y su r\u00edo J\u00facar\u00bb. El momento temporal en el que se celebra el V\u00eda Crucis, la noche del primer viernes de Cuaresma, \u00abtiene su representaci\u00f3n con un cielo negro, salpicado de estrellas, rompi\u00e9ndose porque ya est\u00e1 flagelado\u00bb. <\/p>\n\n\n\n<p>Detr\u00e1s de Nuestro Padre Jes\u00fas Amarrado a la Columna \u00abse asoma el Cerro de la Majestad, gris, desnudo, solamente con las tres cruces\u00bb. Adem\u00e1s, \u00abalrededor de Nuestro Padre hay una intensa luz de la luna del primer plenilunio primaveral, que ilumina la escena dot\u00e1ndola de un ambiente sobrenatural acompa\u00f1ado de una explosi\u00f3n de surrealismo multicolor, de esas luces de candela que portan los fieles, en la parte inferior del Cartel\u00bb. Todo un cartel lleno de detalles y que ya podemos disfrutar. Desde nuestra Hermandad reconocemos y agradecemos el gran trabajo de Tom\u00e1s con esta magn\u00edfica obra.<\/p>\n","protected":false},"excerpt":{"rendered":"<p>En primer plano podemos contemplar la imagen realista de Nuestro Padre Jes\u00fas Amarrado a la Columna, arropado a su izquierda por casas bajas, estrechas y reducidas, t\u00edpicas del barrio del Perchel con las que puedes tocar los tejados. A la derecha de la talla \u00abnuestra parroquia de la Virgen de la Luz, que se divisa [&hellip;]<\/p>\n","protected":false},"author":1,"featured_media":0,"comment_status":"open","ping_status":"open","sticky":false,"template":"","format":"standard","meta":{"_eb_attr":"","footnotes":""},"categories":[7,10],"tags":[],"class_list":["post-430","post","type-post","status-publish","format-standard","hentry","category-noticias","category-via-crucis"],"_links":{"self":[{"href":"http:\/\/www.jesusamarrado.com\/index.php?rest_route=\/wp\/v2\/posts\/430","targetHints":{"allow":["GET"]}}],"collection":[{"href":"http:\/\/www.jesusamarrado.com\/index.php?rest_route=\/wp\/v2\/posts"}],"about":[{"href":"http:\/\/www.jesusamarrado.com\/index.php?rest_route=\/wp\/v2\/types\/post"}],"author":[{"embeddable":true,"href":"http:\/\/www.jesusamarrado.com\/index.php?rest_route=\/wp\/v2\/users\/1"}],"replies":[{"embeddable":true,"href":"http:\/\/www.jesusamarrado.com\/index.php?rest_route=%2Fwp%2Fv2%2Fcomments&post=430"}],"version-history":[{"count":1,"href":"http:\/\/www.jesusamarrado.com\/index.php?rest_route=\/wp\/v2\/posts\/430\/revisions"}],"predecessor-version":[{"id":431,"href":"http:\/\/www.jesusamarrado.com\/index.php?rest_route=\/wp\/v2\/posts\/430\/revisions\/431"}],"wp:attachment":[{"href":"http:\/\/www.jesusamarrado.com\/index.php?rest_route=%2Fwp%2Fv2%2Fmedia&parent=430"}],"wp:term":[{"taxonomy":"category","embeddable":true,"href":"http:\/\/www.jesusamarrado.com\/index.php?rest_route=%2Fwp%2Fv2%2Fcategories&post=430"},{"taxonomy":"post_tag","embeddable":true,"href":"http:\/\/www.jesusamarrado.com\/index.php?rest_route=%2Fwp%2Fv2%2Ftags&post=430"}],"curies":[{"name":"wp","href":"https:\/\/api.w.org\/{rel}","templated":true}]}}