{"id":388,"date":"2025-03-08T10:43:34","date_gmt":"2025-03-08T10:43:34","guid":{"rendered":"http:\/\/www.jesusamarrado.com\/?p=388"},"modified":"2025-03-08T10:44:09","modified_gmt":"2025-03-08T10:44:09","slug":"via-crucis-2025-2","status":"publish","type":"post","link":"http:\/\/www.jesusamarrado.com\/?p=388","title":{"rendered":"V\u00eda Crucis 2025, Suspendido por la lluvia."},"content":{"rendered":"\n<p>La lluvia obliga a celebrarlo en el interior de la Iglesia de San Ant\u00f3n.<\/p>\n\n\n\n<p>Con las previsiones meteorol\u00f3gicas manejadas por la Hermandad, provenientes de la AEMET, se decidi\u00f3 suspender el tradicional V\u00eda Crucis por las calles de San Ant\u00f3n. A las 19:15 dio comienzo la Santa Misa oficiada por el Obispo Monse\u00f1or Yanguas, y tras ella se procedi\u00f3 a celebrar el rezo de las 14 estaciones del V\u00eda Crucis dentro de la Parroquia de la Virgen de la Luz. Dio comienzo con el estreno de la marcha de capilla \u00abV\u00eda Crucis del Amarrado\u00bb, obra del m\u00fasico conquense Sergio Bascu\u00f1ana.<\/p>\n\n\n\n<p>Con la espera puesta en un nuevo Jueves Santo en el que podamos acompa\u00f1ar a nuestro titular, disfrutaremos de una Cuaresma y de los siguientes actos en ambiente de Hermandad.<\/p>\n\n\n\n<figure class=\"wp-block-image aligncenter size-large\"><img loading=\"lazy\" decoding=\"async\" width=\"768\" height=\"1024\" src=\"http:\/\/www.jesusamarrado.com\/wp-content\/uploads\/2025\/03\/viacrucis2025-768x1024.jpg\" alt=\"\" class=\"wp-image-389\" srcset=\"http:\/\/www.jesusamarrado.com\/wp-content\/uploads\/2025\/03\/viacrucis2025-768x1024.jpg 768w, http:\/\/www.jesusamarrado.com\/wp-content\/uploads\/2025\/03\/viacrucis2025-225x300.jpg 225w, http:\/\/www.jesusamarrado.com\/wp-content\/uploads\/2025\/03\/viacrucis2025-1152x1536.jpg 1152w, http:\/\/www.jesusamarrado.com\/wp-content\/uploads\/2025\/03\/viacrucis2025.jpg 1536w\" sizes=\"auto, (max-width: 768px) 100vw, 768px\" \/><\/figure>\n","protected":false},"excerpt":{"rendered":"<p>La lluvia obliga a celebrarlo en el interior de la Iglesia de San Ant\u00f3n. Con las previsiones meteorol\u00f3gicas manejadas por la Hermandad, provenientes de la AEMET, se decidi\u00f3 suspender el tradicional V\u00eda Crucis por las calles de San Ant\u00f3n. A las 19:15 dio comienzo la Santa Misa oficiada por el Obispo Monse\u00f1or Yanguas, y tras [&hellip;]<\/p>\n","protected":false},"author":1,"featured_media":389,"comment_status":"open","ping_status":"open","sticky":false,"template":"","format":"standard","meta":{"_eb_attr":"","footnotes":""},"categories":[7],"tags":[8],"class_list":["post-388","post","type-post","status-publish","format-standard","has-post-thumbnail","hentry","category-noticias","tag-via-crucis"],"_links":{"self":[{"href":"http:\/\/www.jesusamarrado.com\/index.php?rest_route=\/wp\/v2\/posts\/388","targetHints":{"allow":["GET"]}}],"collection":[{"href":"http:\/\/www.jesusamarrado.com\/index.php?rest_route=\/wp\/v2\/posts"}],"about":[{"href":"http:\/\/www.jesusamarrado.com\/index.php?rest_route=\/wp\/v2\/types\/post"}],"author":[{"embeddable":true,"href":"http:\/\/www.jesusamarrado.com\/index.php?rest_route=\/wp\/v2\/users\/1"}],"replies":[{"embeddable":true,"href":"http:\/\/www.jesusamarrado.com\/index.php?rest_route=%2Fwp%2Fv2%2Fcomments&post=388"}],"version-history":[{"count":2,"href":"http:\/\/www.jesusamarrado.com\/index.php?rest_route=\/wp\/v2\/posts\/388\/revisions"}],"predecessor-version":[{"id":391,"href":"http:\/\/www.jesusamarrado.com\/index.php?rest_route=\/wp\/v2\/posts\/388\/revisions\/391"}],"wp:featuredmedia":[{"embeddable":true,"href":"http:\/\/www.jesusamarrado.com\/index.php?rest_route=\/wp\/v2\/media\/389"}],"wp:attachment":[{"href":"http:\/\/www.jesusamarrado.com\/index.php?rest_route=%2Fwp%2Fv2%2Fmedia&parent=388"}],"wp:term":[{"taxonomy":"category","embeddable":true,"href":"http:\/\/www.jesusamarrado.com\/index.php?rest_route=%2Fwp%2Fv2%2Fcategories&post=388"},{"taxonomy":"post_tag","embeddable":true,"href":"http:\/\/www.jesusamarrado.com\/index.php?rest_route=%2Fwp%2Fv2%2Ftags&post=388"}],"curies":[{"name":"wp","href":"https:\/\/api.w.org\/{rel}","templated":true}]}}