{"id":384,"date":"2025-03-06T12:02:57","date_gmt":"2025-03-06T12:02:57","guid":{"rendered":"http:\/\/www.jesusamarrado.com\/?p=384"},"modified":"2025-03-06T12:02:57","modified_gmt":"2025-03-06T12:02:57","slug":"via-crucis-2025","status":"publish","type":"post","link":"http:\/\/www.jesusamarrado.com\/?p=384","title":{"rendered":"V\u00eda Crucis 2025"},"content":{"rendered":"\n<p>PRIMER VIERNES DE CUARESMA, VIA CRUCIS DEL AMARRAO<\/p>\n\n\n\n<p>Organizado por la I.V.H de Nuestro Padre Jes\u00fas Amarrado a la Columna desde 1.998recorrer\u00e1 las calles del Barrio de San Ant\u00f3n a partir de las 20.00 h del pr\u00f3ximo d\u00eda 7 de marzo.<\/p>\n\n\n\n<p>En el reci\u00e9n iniciado camino cuaresmal la cita del V\u00eda Crucis del Amarrao se ha convertido en santo y se\u00f1a de la comunidad nazarena que descuenta los d\u00edas para la llegada del Domingo de Ramos.<\/p>\n\n\n\n<p>Desde 1.998, la espectacular talla que gubiara Marco P\u00e9rez cruza cada primer viernes de cuaresma el dintel de la puerta de su sede can\u00f3nica para volver a su barrio. derramando consuelo y misericordia por las calles de San Ant\u00f3n.<\/p>\n\n\n\n<p>Este a\u00f1o ser\u00e1 el pr\u00f3ximo 7 de marzo. A las 19.15 h. se celebrar\u00e1 la Santa Misa que ser\u00e1 oficiada por Monse\u00f1or Yanguas contando con el acompa\u00f1amiento musical del Coro de C\u00e1mara Alonso Lobo.<\/p>\n\n\n\n<p>Tras la finalizaci\u00f3n de esta, a las 20.00 h, comenzar\u00e1 el V\u00eda Crucis con la muy querida imagen del Amarrao, solo, sobre unas sencillas andas portados a hombros de los banceros de la hermandad. Tras la buena acogida del a\u00f1o pasado, se contar\u00e1 de nuevo con un tr\u00edo de Capilla de Cuenca que llevar\u00e1 el peso musical del V\u00eda Crucis, creando con su especial sonido una atm\u00f3sfera proclive a la reflexi\u00f3n, a la prospecci\u00f3n interior, a la meditaci\u00f3n tan necesaria en los d\u00edas cuaresmales.<\/p>\n\n\n\n<p>En 2.025 ha sido el hermano Juan Soria S\u00e1nchez, hermano mayor de la hermandad, el encargado de realizar la imagen anunciadora de tan esperada cita centr\u00e1ndose en el momento de la salida. Imagen en la que podemos encontrar la parroquia de la Virgen de la Luz una vez que el Amarrao ya ha comenzado su V\u00eda Crucis, en un tama\u00f1o que recuerda la presencia constante de este misterio pasional en la vida de cada uno de sus hermanos. La historia de la hermandad aparece en forma de reflejo de la iglesia de Santo Domingo de Silos (sede fundacional de la hermandad) en una de las ventanas de la actual R.A.C.A.L.<\/p>\n\n\n\n<p>Esperamos a todos, hermanos, fieles, nazarenos, conquenses\u2026a esta cita cuaresmal que, como cada a\u00f1o, supone el inicio de un tiempo de reflexi\u00f3n y tambi\u00e9n de encuentro a la espera de la llegada del Domingo de Ramos.<\/p>\n","protected":false},"excerpt":{"rendered":"<p>PRIMER VIERNES DE CUARESMA, VIA CRUCIS DEL AMARRAO Organizado por la I.V.H de Nuestro Padre Jes\u00fas Amarrado a la Columna desde 1.998recorrer\u00e1 las calles del Barrio de San Ant\u00f3n a partir de las 20.00 h del pr\u00f3ximo d\u00eda 7 de marzo. En el reci\u00e9n iniciado camino cuaresmal la cita del V\u00eda Crucis del Amarrao se [&hellip;]<\/p>\n","protected":false},"author":1,"featured_media":0,"comment_status":"open","ping_status":"open","sticky":false,"template":"","format":"standard","meta":{"_eb_attr":"","footnotes":""},"categories":[7],"tags":[],"class_list":["post-384","post","type-post","status-publish","format-standard","hentry","category-noticias"],"_links":{"self":[{"href":"http:\/\/www.jesusamarrado.com\/index.php?rest_route=\/wp\/v2\/posts\/384","targetHints":{"allow":["GET"]}}],"collection":[{"href":"http:\/\/www.jesusamarrado.com\/index.php?rest_route=\/wp\/v2\/posts"}],"about":[{"href":"http:\/\/www.jesusamarrado.com\/index.php?rest_route=\/wp\/v2\/types\/post"}],"author":[{"embeddable":true,"href":"http:\/\/www.jesusamarrado.com\/index.php?rest_route=\/wp\/v2\/users\/1"}],"replies":[{"embeddable":true,"href":"http:\/\/www.jesusamarrado.com\/index.php?rest_route=%2Fwp%2Fv2%2Fcomments&post=384"}],"version-history":[{"count":1,"href":"http:\/\/www.jesusamarrado.com\/index.php?rest_route=\/wp\/v2\/posts\/384\/revisions"}],"predecessor-version":[{"id":385,"href":"http:\/\/www.jesusamarrado.com\/index.php?rest_route=\/wp\/v2\/posts\/384\/revisions\/385"}],"wp:attachment":[{"href":"http:\/\/www.jesusamarrado.com\/index.php?rest_route=%2Fwp%2Fv2%2Fmedia&parent=384"}],"wp:term":[{"taxonomy":"category","embeddable":true,"href":"http:\/\/www.jesusamarrado.com\/index.php?rest_route=%2Fwp%2Fv2%2Fcategories&post=384"},{"taxonomy":"post_tag","embeddable":true,"href":"http:\/\/www.jesusamarrado.com\/index.php?rest_route=%2Fwp%2Fv2%2Ftags&post=384"}],"curies":[{"name":"wp","href":"https:\/\/api.w.org\/{rel}","templated":true}]}}