{"id":381,"date":"2025-02-24T07:12:35","date_gmt":"2025-02-24T07:12:35","guid":{"rendered":"http:\/\/www.jesusamarrado.com\/?p=381"},"modified":"2025-02-24T07:12:35","modified_gmt":"2025-02-24T07:12:35","slug":"cartel-anunciador-via-crucis-2025","status":"publish","type":"post","link":"http:\/\/www.jesusamarrado.com\/?p=381","title":{"rendered":"Cartel Anunciador V\u00eda Crucis 2025"},"content":{"rendered":"\n<p>Autor: Juan Soria<\/p>\n\n\n\n<figure class=\"wp-block-image size-full\"><img loading=\"lazy\" decoding=\"async\" width=\"551\" height=\"763\" src=\"http:\/\/www.jesusamarrado.com\/wp-content\/uploads\/2024\/02\/cartelviacrucis2025.jpg\" alt=\"\" class=\"wp-image-379\" srcset=\"http:\/\/www.jesusamarrado.com\/wp-content\/uploads\/2024\/02\/cartelviacrucis2025.jpg 551w, http:\/\/www.jesusamarrado.com\/wp-content\/uploads\/2024\/02\/cartelviacrucis2025-217x300.jpg 217w\" sizes=\"auto, (max-width: 551px) 100vw, 551px\" \/><\/figure>\n\n\n\n<p class=\"has-text-align-center\"><strong>La I.V.H. de Nuestro Padre Jes\u00fas Amarrado a la Columna convoca a hermanos y devotos a su tradicional V\u00eda Crucis del primer viernes de Cuaresma.<\/strong><\/p>\n\n\n\n<p>Como cada a\u00f1o, desde 1.998, el primer viernes de Cuaresma es una fecha especial para la I.V.H. de Nuestro Padre Jes\u00fas Amarrado a la Columna. La imagen, obra de D. Luis Marco P\u00e9rez, volver\u00e1 a recorrer las calles del barrio de San Ant\u00f3n en la tarde del 7 de marzo pr\u00f3ximo. Tras la celebraci\u00f3n de la Santa Misa por Monse\u00f1or Yanguas, la talla del Amarrao, hacia las 20.00h, cruzar\u00e1 el dintel de la parroquia de la Virgen de la Luz para la celebraci\u00f3n de un V\u00eda Crucis procesional que se ha convertido en referencia cofrade y punto de encuentro de la comunidad nazarena conquense.<\/p>\n\n\n\n<p>En esta ocasi\u00f3n el autor del cartel es el hermano D. Juan Soria S\u00e1nchez, Hermano Mayor de la hermandad para este a\u00f1o 2.025 quien ha fusionado la realidad del V\u00eda Crucis con los recuerdos de aquel que ha vivido toda su vida bajo el amparo del Amarrao. Sorprende la Imagen de la Iglesia, previa a su remodelaci\u00f3n, jugando el autor con sus recuerdos, con las luces del Jueves Santo conquense y del propio V\u00eda Crucis La imagen del Amarrao ya ha comenzado su V\u00eda Crucis destacando el color oscuro y el tama\u00f1o, clara referencia a la presencia constante del Amarrao en cada uno de los sentimientos que jalonan la vida de hermanos y fieles.<\/p>\n\n\n\n<p>Adem\u00e1s, Juan Soria vuelve a hacer un gui\u00f1o a la historia de la hermandad, dibujando el reflejo de la parroquia de Santo Domingo de Silos (sede fundacional de la corporaci\u00f3n) en unas de las ventanas de las antiguas escuelas que, hoy, son sede de la RACAL.<\/p>\n\n\n\n<p>Desde la I.V.H. de Nuestro Padre Jes\u00fas Amarrado a la Columna queremos agradecer a nuestro hermano Juan Soria su colaboraci\u00f3n incondicional con esta hermandad y su magn\u00edfico trabajo como imagen del V\u00eda Crucis 2.025.<\/p>\n\n\n\n<p>Desde la hermandad, animan a todos los nazarenos a participar, un a\u00f1o m\u00e1s, en este singular v\u00eda crucis procesional que sirve de punto de salida para la cuaresma conquense.<\/p>\n\n\n\n<p>Fuente: Nota de prensa de la Hermandad.<\/p>\n","protected":false},"excerpt":{"rendered":"<p>Autor: Juan Soria La I.V.H. de Nuestro Padre Jes\u00fas Amarrado a la Columna convoca a hermanos y devotos a su tradicional V\u00eda Crucis del primer viernes de Cuaresma. Como cada a\u00f1o, desde 1.998, el primer viernes de Cuaresma es una fecha especial para la I.V.H. de Nuestro Padre Jes\u00fas Amarrado a la Columna. La imagen, [&hellip;]<\/p>\n","protected":false},"author":1,"featured_media":0,"comment_status":"open","ping_status":"open","sticky":false,"template":"","format":"standard","meta":{"_eb_attr":"","footnotes":""},"categories":[7],"tags":[9,8],"class_list":["post-381","post","type-post","status-publish","format-standard","hentry","category-noticias","tag-carteles","tag-via-crucis"],"_links":{"self":[{"href":"http:\/\/www.jesusamarrado.com\/index.php?rest_route=\/wp\/v2\/posts\/381","targetHints":{"allow":["GET"]}}],"collection":[{"href":"http:\/\/www.jesusamarrado.com\/index.php?rest_route=\/wp\/v2\/posts"}],"about":[{"href":"http:\/\/www.jesusamarrado.com\/index.php?rest_route=\/wp\/v2\/types\/post"}],"author":[{"embeddable":true,"href":"http:\/\/www.jesusamarrado.com\/index.php?rest_route=\/wp\/v2\/users\/1"}],"replies":[{"embeddable":true,"href":"http:\/\/www.jesusamarrado.com\/index.php?rest_route=%2Fwp%2Fv2%2Fcomments&post=381"}],"version-history":[{"count":1,"href":"http:\/\/www.jesusamarrado.com\/index.php?rest_route=\/wp\/v2\/posts\/381\/revisions"}],"predecessor-version":[{"id":382,"href":"http:\/\/www.jesusamarrado.com\/index.php?rest_route=\/wp\/v2\/posts\/381\/revisions\/382"}],"wp:attachment":[{"href":"http:\/\/www.jesusamarrado.com\/index.php?rest_route=%2Fwp%2Fv2%2Fmedia&parent=381"}],"wp:term":[{"taxonomy":"category","embeddable":true,"href":"http:\/\/www.jesusamarrado.com\/index.php?rest_route=%2Fwp%2Fv2%2Fcategories&post=381"},{"taxonomy":"post_tag","embeddable":true,"href":"http:\/\/www.jesusamarrado.com\/index.php?rest_route=%2Fwp%2Fv2%2Ftags&post=381"}],"curies":[{"name":"wp","href":"https:\/\/api.w.org\/{rel}","templated":true}]}}