{"id":345,"date":"2024-09-03T22:38:28","date_gmt":"2024-09-03T22:38:28","guid":{"rendered":"http:\/\/www.jesusamarrado.com\/?p=345"},"modified":"2024-09-03T22:38:28","modified_gmt":"2024-09-03T22:38:28","slug":"celebrados-los-cultos-en-honor-de-nuestro-titular","status":"publish","type":"post","link":"http:\/\/www.jesusamarrado.com\/?p=345","title":{"rendered":"Celebrados los Cultos en Honor de nuestro Titular"},"content":{"rendered":"\n<p>Este fin de semana d\u00eda 1 de Septiembre ha tenido lugar la Funci\u00f3n Religiosa.<\/p>\n\n\n\n<figure class=\"wp-block-gallery has-nested-images columns-default is-cropped wp-block-gallery-1 is-layout-flex wp-block-gallery-is-layout-flex\">\n<figure class=\"wp-block-image size-large\"><img loading=\"lazy\" decoding=\"async\" width=\"768\" height=\"1024\" data-id=\"347\" src=\"http:\/\/www.jesusamarrado.com\/wp-content\/uploads\/2024\/09\/PHOTO-2024-09-02-10-12-54-1-768x1024.jpg\" alt=\"\" class=\"wp-image-347\" srcset=\"http:\/\/www.jesusamarrado.com\/wp-content\/uploads\/2024\/09\/PHOTO-2024-09-02-10-12-54-1-768x1024.jpg 768w, http:\/\/www.jesusamarrado.com\/wp-content\/uploads\/2024\/09\/PHOTO-2024-09-02-10-12-54-1-225x300.jpg 225w, http:\/\/www.jesusamarrado.com\/wp-content\/uploads\/2024\/09\/PHOTO-2024-09-02-10-12-54-1-1152x1536.jpg 1152w, http:\/\/www.jesusamarrado.com\/wp-content\/uploads\/2024\/09\/PHOTO-2024-09-02-10-12-54-1.jpg 1200w\" sizes=\"auto, (max-width: 768px) 100vw, 768px\" \/><figcaption class=\"wp-element-caption\">Foto: Eduardo Calleja Parra<\/figcaption><\/figure>\n\n\n\n<figure class=\"wp-block-image size-large\"><img loading=\"lazy\" decoding=\"async\" width=\"768\" height=\"1024\" data-id=\"348\" src=\"http:\/\/www.jesusamarrado.com\/wp-content\/uploads\/2024\/09\/PHOTO-2024-09-02-10-12-54-2-768x1024.jpg\" alt=\"\" class=\"wp-image-348\" srcset=\"http:\/\/www.jesusamarrado.com\/wp-content\/uploads\/2024\/09\/PHOTO-2024-09-02-10-12-54-2-768x1024.jpg 768w, http:\/\/www.jesusamarrado.com\/wp-content\/uploads\/2024\/09\/PHOTO-2024-09-02-10-12-54-2-225x300.jpg 225w, http:\/\/www.jesusamarrado.com\/wp-content\/uploads\/2024\/09\/PHOTO-2024-09-02-10-12-54-2-1152x1536.jpg 1152w, http:\/\/www.jesusamarrado.com\/wp-content\/uploads\/2024\/09\/PHOTO-2024-09-02-10-12-54-2.jpg 1200w\" sizes=\"auto, (max-width: 768px) 100vw, 768px\" \/><figcaption class=\"wp-element-caption\">Foto: Eduardo Calleja Parra<\/figcaption><\/figure>\n<\/figure>\n\n\n\n<p>En la Iglesia Virgen de la Luz, tuvo lugar este pasado domingo d\u00eda 1 de Septiembre la Funci\u00f3n Religiosa en honor de nuestra imagen titular. A las 12 horas dio comienzo la eucarist\u00eda presidida por nuestro consiliario Don Tom\u00e1s. Como es habitual, dentro de este acto se celebra el cambio de Hermanos Mayores de 2024 a 2025. La Hermandad quiere agradecer todo su esfuerzo y trabajo con la Junta de Diputaci\u00f3n, sobre todo en los momentos dif\u00edciles y en este a\u00f1o tan complicado, a Ra\u00fal y Sergio Mart\u00ednez Jard\u00f3n Hermanos Mayores de este 2024. Por otro lado la Hermandad agradece el compromiso de dos hermanos, de los de toda la vida, que se comprometen con la Hermandad para tomar el relevo. Ellos son Juan Soria S\u00e1nchez y Jos\u00e9 Andr\u00e9s Mej\u00edas Caur\u00edn.<\/p>\n\n\n\n<figure class=\"wp-block-gallery has-nested-images columns-default is-cropped wp-block-gallery-2 is-layout-flex wp-block-gallery-is-layout-flex\">\n<figure class=\"wp-block-image size-large\"><img loading=\"lazy\" decoding=\"async\" width=\"1024\" height=\"682\" data-id=\"350\" src=\"http:\/\/www.jesusamarrado.com\/wp-content\/uploads\/2024\/09\/PHOTO-2024-09-02-10-13-31-1024x682.jpg\" alt=\"\" class=\"wp-image-350\" srcset=\"http:\/\/www.jesusamarrado.com\/wp-content\/uploads\/2024\/09\/PHOTO-2024-09-02-10-13-31-1024x682.jpg 1024w, http:\/\/www.jesusamarrado.com\/wp-content\/uploads\/2024\/09\/PHOTO-2024-09-02-10-13-31-300x200.jpg 300w, http:\/\/www.jesusamarrado.com\/wp-content\/uploads\/2024\/09\/PHOTO-2024-09-02-10-13-31-768x512.jpg 768w, http:\/\/www.jesusamarrado.com\/wp-content\/uploads\/2024\/09\/PHOTO-2024-09-02-10-13-31-1536x1023.jpg 1536w, http:\/\/www.jesusamarrado.com\/wp-content\/uploads\/2024\/09\/PHOTO-2024-09-02-10-13-31.jpg 1600w\" sizes=\"auto, (max-width: 1024px) 100vw, 1024px\" \/><figcaption class=\"wp-element-caption\">Hermanos Mayores 2024<\/figcaption><\/figure>\n\n\n\n<figure class=\"wp-block-image size-large\"><img loading=\"lazy\" decoding=\"async\" width=\"1024\" height=\"682\" data-id=\"349\" src=\"http:\/\/www.jesusamarrado.com\/wp-content\/uploads\/2024\/09\/PHOTO-2024-09-02-10-13-31-1-1024x682.jpg\" alt=\"\" class=\"wp-image-349\" srcset=\"http:\/\/www.jesusamarrado.com\/wp-content\/uploads\/2024\/09\/PHOTO-2024-09-02-10-13-31-1-1024x682.jpg 1024w, http:\/\/www.jesusamarrado.com\/wp-content\/uploads\/2024\/09\/PHOTO-2024-09-02-10-13-31-1-300x200.jpg 300w, http:\/\/www.jesusamarrado.com\/wp-content\/uploads\/2024\/09\/PHOTO-2024-09-02-10-13-31-1-768x512.jpg 768w, http:\/\/www.jesusamarrado.com\/wp-content\/uploads\/2024\/09\/PHOTO-2024-09-02-10-13-31-1-1536x1023.jpg 1536w, http:\/\/www.jesusamarrado.com\/wp-content\/uploads\/2024\/09\/PHOTO-2024-09-02-10-13-31-1.jpg 1600w\" sizes=\"auto, (max-width: 1024px) 100vw, 1024px\" \/><figcaption class=\"wp-element-caption\">Hermanos Mayores 2025<\/figcaption><\/figure>\n<\/figure>\n\n\n\n<p>El lunes d\u00eda 2 de Septiembre se celebr\u00f3 la Misa de Difuntos, en la que recordamos a todos los hermanos que nos han dejado durante \u00e9ste \u00faltimo a\u00f1o. Agradeciendo la participaci\u00f3n en los cultos de nuestros hermanos, de la presencia del presidente de la Junta de Cofrad\u00edas y de la Vicepresidenta de la Archicofrad\u00eda por acompa\u00f1arnos en la celebraci\u00f3n de los mismos. Adem\u00e1s, la Hermandad quiere agradecer a Adri\u00e1n L\u00f3pez \u00c1lvarez por colaborar en la idea y ejecuci\u00f3n del altar de cultos por segundo a\u00f1o consecutivo, as\u00ed como a la Hermandad del Sagrado Coraz\u00f3n de Jes\u00fas, la Hermandad del Bautismo de Jes\u00fas y la Hermandad de San Fernando, por la cesi\u00f3n de enseres para realizar el altar de cultos de este a\u00f1o 2024.<\/p>\n\n\n\n<figure class=\"wp-block-gallery has-nested-images columns-default is-cropped wp-block-gallery-3 is-layout-flex wp-block-gallery-is-layout-flex\">\n<figure class=\"wp-block-image size-large\"><img loading=\"lazy\" decoding=\"async\" width=\"1024\" height=\"682\" data-id=\"353\" src=\"http:\/\/www.jesusamarrado.com\/wp-content\/uploads\/2024\/09\/PHOTO-2024-09-02-10-13-31-3-1-1024x682.jpg\" alt=\"\" class=\"wp-image-353\" srcset=\"http:\/\/www.jesusamarrado.com\/wp-content\/uploads\/2024\/09\/PHOTO-2024-09-02-10-13-31-3-1-1024x682.jpg 1024w, http:\/\/www.jesusamarrado.com\/wp-content\/uploads\/2024\/09\/PHOTO-2024-09-02-10-13-31-3-1-300x200.jpg 300w, http:\/\/www.jesusamarrado.com\/wp-content\/uploads\/2024\/09\/PHOTO-2024-09-02-10-13-31-3-1-768x512.jpg 768w, http:\/\/www.jesusamarrado.com\/wp-content\/uploads\/2024\/09\/PHOTO-2024-09-02-10-13-31-3-1-1536x1023.jpg 1536w, http:\/\/www.jesusamarrado.com\/wp-content\/uploads\/2024\/09\/PHOTO-2024-09-02-10-13-31-3-1.jpg 1600w\" sizes=\"auto, (max-width: 1024px) 100vw, 1024px\" \/><\/figure>\n<\/figure>\n","protected":false},"excerpt":{"rendered":"<p>Este fin de semana d\u00eda 1 de Septiembre ha tenido lugar la Funci\u00f3n Religiosa. En la Iglesia Virgen de la Luz, tuvo lugar este pasado domingo d\u00eda 1 de Septiembre la Funci\u00f3n Religiosa en honor de nuestra imagen titular. A las 12 horas dio comienzo la eucarist\u00eda presidida por nuestro consiliario Don Tom\u00e1s. Como es [&hellip;]<\/p>\n","protected":false},"author":1,"featured_media":0,"comment_status":"open","ping_status":"open","sticky":false,"template":"","format":"standard","meta":{"_eb_attr":"","footnotes":""},"categories":[7],"tags":[],"class_list":["post-345","post","type-post","status-publish","format-standard","hentry","category-noticias"],"_links":{"self":[{"href":"http:\/\/www.jesusamarrado.com\/index.php?rest_route=\/wp\/v2\/posts\/345","targetHints":{"allow":["GET"]}}],"collection":[{"href":"http:\/\/www.jesusamarrado.com\/index.php?rest_route=\/wp\/v2\/posts"}],"about":[{"href":"http:\/\/www.jesusamarrado.com\/index.php?rest_route=\/wp\/v2\/types\/post"}],"author":[{"embeddable":true,"href":"http:\/\/www.jesusamarrado.com\/index.php?rest_route=\/wp\/v2\/users\/1"}],"replies":[{"embeddable":true,"href":"http:\/\/www.jesusamarrado.com\/index.php?rest_route=%2Fwp%2Fv2%2Fcomments&post=345"}],"version-history":[{"count":1,"href":"http:\/\/www.jesusamarrado.com\/index.php?rest_route=\/wp\/v2\/posts\/345\/revisions"}],"predecessor-version":[{"id":354,"href":"http:\/\/www.jesusamarrado.com\/index.php?rest_route=\/wp\/v2\/posts\/345\/revisions\/354"}],"wp:attachment":[{"href":"http:\/\/www.jesusamarrado.com\/index.php?rest_route=%2Fwp%2Fv2%2Fmedia&parent=345"}],"wp:term":[{"taxonomy":"category","embeddable":true,"href":"http:\/\/www.jesusamarrado.com\/index.php?rest_route=%2Fwp%2Fv2%2Fcategories&post=345"},{"taxonomy":"post_tag","embeddable":true,"href":"http:\/\/www.jesusamarrado.com\/index.php?rest_route=%2Fwp%2Fv2%2Ftags&post=345"}],"curies":[{"name":"wp","href":"https:\/\/api.w.org\/{rel}","templated":true}]}}