{"id":293,"date":"2024-03-01T14:02:04","date_gmt":"2024-03-01T14:02:04","guid":{"rendered":"http:\/\/www.jesusamarrado.com\/?p=293"},"modified":"2024-03-01T14:02:04","modified_gmt":"2024-03-01T14:02:04","slug":"procesion-infantil-2024","status":"publish","type":"post","link":"http:\/\/www.jesusamarrado.com\/?p=293","title":{"rendered":"Procesi\u00f3n infantil 2024"},"content":{"rendered":"\n<figure class=\"wp-block-image size-large\"><img loading=\"lazy\" decoding=\"async\" width=\"1024\" height=\"769\" src=\"http:\/\/www.jesusamarrado.com\/wp-content\/uploads\/2024\/03\/procesioninfantil-1024x769.png\" alt=\"\" class=\"wp-image-291\" srcset=\"http:\/\/www.jesusamarrado.com\/wp-content\/uploads\/2024\/03\/procesioninfantil-1024x769.png 1024w, http:\/\/www.jesusamarrado.com\/wp-content\/uploads\/2024\/03\/procesioninfantil-300x225.png 300w, http:\/\/www.jesusamarrado.com\/wp-content\/uploads\/2024\/03\/procesioninfantil-768x577.png 768w, http:\/\/www.jesusamarrado.com\/wp-content\/uploads\/2024\/03\/procesioninfantil.png 1367w\" sizes=\"auto, (max-width: 1024px) 100vw, 1024px\" \/><\/figure>\n\n\n\n<p>\u00c9ste pr\u00f3ximo d\u00eda 9 de Marzo a las 11:00 horas desde San Andr\u00e9s, tendr\u00e1 lugar la tradicional procesi\u00f3n infantil organizada por la Junta de cofrad\u00edas en la que participa nuestra Hermandad con los m\u00e1s peque\u00f1os, inculcando as\u00ed esta tradici\u00f3n para que el d\u00eda de ma\u00f1ana ellos contin\u00faen desfilando y participando con nuestra Hermandad.<\/p>\n\n\n\n<p>As\u00ed mismo, la puesta en andas del paso infantil ser\u00e1 el viernes d\u00eda 8 de Marzo en la Iglesia de San Andr\u00e9s, a la que tambi\u00e9n os animamos a participar.<\/p>\n\n\n\n<p>\u00c9stas son las formas para poder apuntar a los ni\u00f1os:<\/p>\n\n\n\n<ul class=\"wp-block-list\">\n<li>Mediante un miembro de la Junta de Diputaci\u00f3n<\/li>\n\n\n\n<li>Rellenando el siguiente formulario: <a href=\"https:\/\/docs.google.com\/forms\/d\/e\/1FAIpQLSd15RRUjDvWUc386mdrhaHxF896DXbzDe08XGT2WKEVTPk2Lg\/viewform?usp=sf_link\">https:\/\/docs.google.com\/forms\/d\/e\/1FAIpQLSd15RRUjDvWUc386mdrhaHxF896DXbzDe08XGT2WKEVTPk2Lg\/viewform?usp=sf_link<\/a><\/li>\n\n\n\n<li>En el tel\u00e9fono: 623965170, propiedad de la Hermandad<strong>.<\/strong><\/li>\n<\/ul>\n","protected":false},"excerpt":{"rendered":"<p>\u00c9ste pr\u00f3ximo d\u00eda 9 de Marzo a las 11:00 horas desde San Andr\u00e9s, tendr\u00e1 lugar la tradicional procesi\u00f3n infantil organizada por la Junta de cofrad\u00edas en la que participa nuestra Hermandad con los m\u00e1s peque\u00f1os, inculcando as\u00ed esta tradici\u00f3n para que el d\u00eda de ma\u00f1ana ellos contin\u00faen desfilando y participando con nuestra Hermandad. As\u00ed mismo, [&hellip;]<\/p>\n","protected":false},"author":1,"featured_media":0,"comment_status":"closed","ping_status":"open","sticky":false,"template":"","format":"standard","meta":{"_eb_attr":"","footnotes":""},"categories":[7],"tags":[],"class_list":["post-293","post","type-post","status-publish","format-standard","hentry","category-noticias"],"_links":{"self":[{"href":"http:\/\/www.jesusamarrado.com\/index.php?rest_route=\/wp\/v2\/posts\/293","targetHints":{"allow":["GET"]}}],"collection":[{"href":"http:\/\/www.jesusamarrado.com\/index.php?rest_route=\/wp\/v2\/posts"}],"about":[{"href":"http:\/\/www.jesusamarrado.com\/index.php?rest_route=\/wp\/v2\/types\/post"}],"author":[{"embeddable":true,"href":"http:\/\/www.jesusamarrado.com\/index.php?rest_route=\/wp\/v2\/users\/1"}],"replies":[{"embeddable":true,"href":"http:\/\/www.jesusamarrado.com\/index.php?rest_route=%2Fwp%2Fv2%2Fcomments&post=293"}],"version-history":[{"count":1,"href":"http:\/\/www.jesusamarrado.com\/index.php?rest_route=\/wp\/v2\/posts\/293\/revisions"}],"predecessor-version":[{"id":294,"href":"http:\/\/www.jesusamarrado.com\/index.php?rest_route=\/wp\/v2\/posts\/293\/revisions\/294"}],"wp:attachment":[{"href":"http:\/\/www.jesusamarrado.com\/index.php?rest_route=%2Fwp%2Fv2%2Fmedia&parent=293"}],"wp:term":[{"taxonomy":"category","embeddable":true,"href":"http:\/\/www.jesusamarrado.com\/index.php?rest_route=%2Fwp%2Fv2%2Fcategories&post=293"},{"taxonomy":"post_tag","embeddable":true,"href":"http:\/\/www.jesusamarrado.com\/index.php?rest_route=%2Fwp%2Fv2%2Ftags&post=293"}],"curies":[{"name":"wp","href":"https:\/\/api.w.org\/{rel}","templated":true}]}}