{"id":284,"date":"2024-02-18T20:49:20","date_gmt":"2024-02-18T20:49:20","guid":{"rendered":"http:\/\/www.jesusamarrado.com\/?p=284"},"modified":"2024-02-18T20:49:20","modified_gmt":"2024-02-18T20:49:20","slug":"cronica-via-crucis-2024","status":"publish","type":"post","link":"http:\/\/www.jesusamarrado.com\/?p=284","title":{"rendered":"Cr\u00f3nica: V\u00eda Crucis 2024"},"content":{"rendered":"\n<figure class=\"wp-block-embed is-type-video is-provider-youtube wp-block-embed-youtube wp-embed-aspect-16-9 wp-has-aspect-ratio\"><div class=\"wp-block-embed__wrapper\">\n<iframe loading=\"lazy\" title=\"V\u00eda Crucis de Nuestro Padre Jes\u00fas Amarrado a la Columna 2024\" width=\"500\" height=\"281\" src=\"https:\/\/www.youtube.com\/embed\/MmqL0xDsSEQ?feature=oembed\" frameborder=\"0\" allow=\"accelerometer; autoplay; clipboard-write; encrypted-media; gyroscope; picture-in-picture; web-share\" referrerpolicy=\"strict-origin-when-cross-origin\" allowfullscreen><\/iframe>\n<\/div><figcaption class=\"wp-element-caption\">V\u00eddeo resumen V\u00eda Crucis 2024. Fuente: CuencaNews.<\/figcaption><\/figure>\n\n\n\n<p>En una noche cargada de fervor y devoci\u00f3n, la comunidad semana santera se reuni\u00f3 para vivir uno de los momentos m\u00e1s esperados de la Cuaresma conquense: el V\u00eda Crucis organizado por la Ilustre y Venerable Hermandad de Nuestro Padre Jes\u00fas Amarrado a la Columna.<\/p>\n\n\n\n<p>La jornada comenz\u00f3 con la celebraci\u00f3n de la tradicional Misa en la Parroquia de Ntra. Sra. de la Luz, presidida por el Obispo de la Di\u00f3cesis de Cuenca, Monse\u00f1or Jos\u00e9 M\u00aa Yanguas. El Coro de C\u00e1mara \u201cAlonso Lobo\u201d acompa\u00f1\u00f3 con su m\u00fasica este momento de recogimiento y oraci\u00f3n.<\/p>\n\n\n\n<p>Una vez finalizada la misa, alrededor de las 20 horas, dio inicio el V\u00eda Crucis. La imagen de Nuestro Padre Jes\u00fas Amarrado a la Columna, sin el say\u00f3n que le azota en cada Jueves Santo, fue portada por los banceros del desfile de Paz y Caridad. A lo largo del recorrido, la procesi\u00f3n se detuvo en catorce estaciones para reflexionar sobre la Pasi\u00f3n de Cristo, siendo los propios fieles quienes dirigieron estas reflexiones, acompa\u00f1ando el cortejo con velas encendidas y plegarias.<\/p>\n\n\n\n<p>Una novedad destacada de este a\u00f1o fue la presencia del \u00abTr\u00edo de Capilla de Cuenca\u00bb, que por primera vez acompa\u00f1\u00f3 a la imagen del Se\u00f1or Amarrado. Con sus instrumentos habituales (clarinete, oboe y fagot), este tr\u00edo de capilla proporcion\u00f3 una emotiva banda sonora al V\u00eda Crucis, altern\u00e1ndose con los cantos del pueblo fiel y enriqueciendo a\u00fan m\u00e1s esta experiencia espiritual.<\/p>\n\n\n\n<p>El V\u00eda Crucis por el barrio de San Ant\u00f3n se consolida as\u00ed como un momento de encuentro, reflexi\u00f3n y fe para toda la comunidad, fortaleciendo los lazos de devoci\u00f3n hacia Nuestro Padre Jes\u00fas Amarrado a la Columna en esta \u00e9poca de preparaci\u00f3n para la Semana Santa.<\/p>\n\n\n\n<p>Fuente: CuencaNews.<\/p>\n","protected":false},"excerpt":{"rendered":"<p>En una noche cargada de fervor y devoci\u00f3n, la comunidad semana santera se reuni\u00f3 para vivir uno de los momentos m\u00e1s esperados de la Cuaresma conquense: el V\u00eda Crucis organizado por la Ilustre y Venerable Hermandad de Nuestro Padre Jes\u00fas Amarrado a la Columna. La jornada comenz\u00f3 con la celebraci\u00f3n de la tradicional Misa en [&hellip;]<\/p>\n","protected":false},"author":1,"featured_media":0,"comment_status":"closed","ping_status":"open","sticky":false,"template":"","format":"standard","meta":{"_eb_attr":"","footnotes":""},"categories":[7],"tags":[],"class_list":["post-284","post","type-post","status-publish","format-standard","hentry","category-noticias"],"_links":{"self":[{"href":"http:\/\/www.jesusamarrado.com\/index.php?rest_route=\/wp\/v2\/posts\/284","targetHints":{"allow":["GET"]}}],"collection":[{"href":"http:\/\/www.jesusamarrado.com\/index.php?rest_route=\/wp\/v2\/posts"}],"about":[{"href":"http:\/\/www.jesusamarrado.com\/index.php?rest_route=\/wp\/v2\/types\/post"}],"author":[{"embeddable":true,"href":"http:\/\/www.jesusamarrado.com\/index.php?rest_route=\/wp\/v2\/users\/1"}],"replies":[{"embeddable":true,"href":"http:\/\/www.jesusamarrado.com\/index.php?rest_route=%2Fwp%2Fv2%2Fcomments&post=284"}],"version-history":[{"count":1,"href":"http:\/\/www.jesusamarrado.com\/index.php?rest_route=\/wp\/v2\/posts\/284\/revisions"}],"predecessor-version":[{"id":285,"href":"http:\/\/www.jesusamarrado.com\/index.php?rest_route=\/wp\/v2\/posts\/284\/revisions\/285"}],"wp:attachment":[{"href":"http:\/\/www.jesusamarrado.com\/index.php?rest_route=%2Fwp%2Fv2%2Fmedia&parent=284"}],"wp:term":[{"taxonomy":"category","embeddable":true,"href":"http:\/\/www.jesusamarrado.com\/index.php?rest_route=%2Fwp%2Fv2%2Fcategories&post=284"},{"taxonomy":"post_tag","embeddable":true,"href":"http:\/\/www.jesusamarrado.com\/index.php?rest_route=%2Fwp%2Fv2%2Ftags&post=284"}],"curies":[{"name":"wp","href":"https:\/\/api.w.org\/{rel}","templated":true}]}}