{"id":212,"date":"2024-02-14T19:52:23","date_gmt":"2024-02-14T19:52:23","guid":{"rendered":"http:\/\/www.jesusamarrado.com\/?p=212"},"modified":"2024-02-14T19:52:23","modified_gmt":"2024-02-14T19:52:23","slug":"previa-via-crucis-2024","status":"publish","type":"post","link":"http:\/\/www.jesusamarrado.com\/?p=212","title":{"rendered":"Previa: V\u00eda Crucis 2024"},"content":{"rendered":"\n<figure class=\"wp-block-image aligncenter size-full\"><img loading=\"lazy\" decoding=\"async\" width=\"400\" height=\"278\" src=\"http:\/\/www.jesusamarrado.com\/wp-content\/uploads\/2024\/02\/IMG_8836-1.jpg\" alt=\"\" class=\"wp-image-213\" srcset=\"http:\/\/www.jesusamarrado.com\/wp-content\/uploads\/2024\/02\/IMG_8836-1.jpg 400w, http:\/\/www.jesusamarrado.com\/wp-content\/uploads\/2024\/02\/IMG_8836-1-300x209.jpg 300w\" sizes=\"auto, (max-width: 400px) 100vw, 400px\" \/><\/figure>\n\n\n\n<p>PRIMER VIERNES DE CUARESMA, UN NUEVO VIA CRUCIS POR SAN ANT\u00d3N<\/p>\n\n\n\n<p>LA I.V.H. DE NUESTRO PADRE JES\u00daS AMARRADO A LA COLUMNA CONVOCA A HERMANOS, FIELES Y NAZARENOS A SU TRADICIONAL VIA CRUCIS<\/p>\n\n\n\n<p>Desde 1998 la I.V.H. de Nuestro Padre Jes\u00fas Amarrado a la columna convoca, a sus hermanos en particular y a la comunidad nazarena en general, al tradicional v\u00eda crucis del primer viernes de Cuaresma. La imagen de nuestro Se\u00f1or azotado, que gubiara en 1940 D. Luis Marco P\u00e9rez, volver\u00e1 a cruzar las calles del popular barrio de San Ant\u00f3n mientras que las distintas estaciones del v\u00eda crucis son rezadas por el pueblo fiel que acompa\u00f1a al Se\u00f1or Amarrado a la columna.<\/p>\n\n\n\n<p>El artista elegido por la hermandad para que realizara el cartel anunciador del V\u00eda Crucis ha sido Diego Forriol quien ha plasmado en su trabajo esta cita tan especial. En el cartel se contempla la imagen del Se\u00f1or acompa\u00f1ada por los devotos y envuelta por ese clima tan singular que envuelve esta celebraci\u00f3n tan especial para la hermandad y la ciudad de Cuenca. Servir\u00e1 tambi\u00e9n como momento de encuentro para hermanos, fieles y miembros de la comunidad nazarena, antesala de los desfiles procesionales de nuestra Semana Santa.<\/p>\n\n\n\n<p>A las 19.15 h tendr\u00e1 lugar la misa de Cuaresma que ser\u00e1 oficiada por Monse\u00f1or Yanguas. El acompa\u00f1amiento musical correr\u00e1 a cargo del Coro de C\u00e1mara Alonso Lobo. Con motivo de esta celebraci\u00f3n, se va a estrenar la misa \u201cSepulto Domino\u201d, compuesta por D. Luis Carlos Ortiz, director de la misma.<\/p>\n\n\n\n<p>Pero no ser\u00e1 esta la \u00fanica novedad de este V\u00eda Crucis. Por primera vez, la imagen del Se\u00f1or Amarrado ir\u00e1 acompa\u00f1ada por un trio de capilla \u201cTrio de Capilla de Cuenca\u201d que, con su formaci\u00f3n habitual (clarinete, oboe y fagot) pondr\u00e1 una novedosa y singular banda sonora que se alternar\u00e1 con el canto del pueblo fiel, buscando que, a trav\u00e9s de la m\u00fasica, nos llegue al alma nazarena este acto penitencial.<\/p>\n\n\n\n<p>A las 20.00 h volver\u00e1 a abrirse el dintel del templo Antoniano para que nuestro querido Amarrao la cruce y nos permita acompa\u00f1arlo, un primer viernes de cuaresma m\u00e1s, a hombros de los banceros que lo portaron el \u00faltimo Jueves Santo, por su barrio de San Ant\u00f3n envuelto por el aroma del incienso, el fr\u00edo de la noche de febrero y las dulces notas que crear\u00e1n un momento propicio para la oraci\u00f3n y la reflexi\u00f3n.<\/p>\n","protected":false},"excerpt":{"rendered":"<p>PRIMER VIERNES DE CUARESMA, UN NUEVO VIA CRUCIS POR SAN ANT\u00d3N LA I.V.H. DE NUESTRO PADRE JES\u00daS AMARRADO A LA COLUMNA CONVOCA A HERMANOS, FIELES Y NAZARENOS A SU TRADICIONAL VIA CRUCIS Desde 1998 la I.V.H. de Nuestro Padre Jes\u00fas Amarrado a la columna convoca, a sus hermanos en particular y a la comunidad nazarena [&hellip;]<\/p>\n","protected":false},"author":1,"featured_media":0,"comment_status":"closed","ping_status":"open","sticky":false,"template":"","format":"standard","meta":{"_eb_attr":"","footnotes":""},"categories":[7],"tags":[],"class_list":["post-212","post","type-post","status-publish","format-standard","hentry","category-noticias"],"_links":{"self":[{"href":"http:\/\/www.jesusamarrado.com\/index.php?rest_route=\/wp\/v2\/posts\/212","targetHints":{"allow":["GET"]}}],"collection":[{"href":"http:\/\/www.jesusamarrado.com\/index.php?rest_route=\/wp\/v2\/posts"}],"about":[{"href":"http:\/\/www.jesusamarrado.com\/index.php?rest_route=\/wp\/v2\/types\/post"}],"author":[{"embeddable":true,"href":"http:\/\/www.jesusamarrado.com\/index.php?rest_route=\/wp\/v2\/users\/1"}],"replies":[{"embeddable":true,"href":"http:\/\/www.jesusamarrado.com\/index.php?rest_route=%2Fwp%2Fv2%2Fcomments&post=212"}],"version-history":[{"count":1,"href":"http:\/\/www.jesusamarrado.com\/index.php?rest_route=\/wp\/v2\/posts\/212\/revisions"}],"predecessor-version":[{"id":214,"href":"http:\/\/www.jesusamarrado.com\/index.php?rest_route=\/wp\/v2\/posts\/212\/revisions\/214"}],"wp:attachment":[{"href":"http:\/\/www.jesusamarrado.com\/index.php?rest_route=%2Fwp%2Fv2%2Fmedia&parent=212"}],"wp:term":[{"taxonomy":"category","embeddable":true,"href":"http:\/\/www.jesusamarrado.com\/index.php?rest_route=%2Fwp%2Fv2%2Fcategories&post=212"},{"taxonomy":"post_tag","embeddable":true,"href":"http:\/\/www.jesusamarrado.com\/index.php?rest_route=%2Fwp%2Fv2%2Ftags&post=212"}],"curies":[{"name":"wp","href":"https:\/\/api.w.org\/{rel}","templated":true}]}}