{"id":103,"date":"2024-02-08T22:58:01","date_gmt":"2024-02-08T22:58:01","guid":{"rendered":"http:\/\/www.jesusamarrado.com\/?p=103"},"modified":"2024-02-09T07:23:38","modified_gmt":"2024-02-09T07:23:38","slug":"via-crucis-2024","status":"publish","type":"post","link":"http:\/\/www.jesusamarrado.com\/?p=103","title":{"rendered":"V\u00eda Crucis 2024"},"content":{"rendered":"\n<figure class=\"wp-block-image size-large\"><img loading=\"lazy\" decoding=\"async\" width=\"741\" height=\"1024\" src=\"http:\/\/www.jesusamarrado.com\/wp-content\/uploads\/2024\/02\/cartelviacrucis2024-741x1024.jpg\" alt=\"\" class=\"wp-image-40\" srcset=\"http:\/\/www.jesusamarrado.com\/wp-content\/uploads\/2024\/02\/cartelviacrucis2024-741x1024.jpg 741w, http:\/\/www.jesusamarrado.com\/wp-content\/uploads\/2024\/02\/cartelviacrucis2024-217x300.jpg 217w, http:\/\/www.jesusamarrado.com\/wp-content\/uploads\/2024\/02\/cartelviacrucis2024-768x1061.jpg 768w, http:\/\/www.jesusamarrado.com\/wp-content\/uploads\/2024\/02\/cartelviacrucis2024-1112x1536.jpg 1112w, http:\/\/www.jesusamarrado.com\/wp-content\/uploads\/2024\/02\/cartelviacrucis2024.jpg 1170w\" sizes=\"auto, (max-width: 741px) 100vw, 741px\" \/><\/figure>\n\n\n\n<p>Diego Forriol es el encargado de anunciar nuestro tradicional V\u00eda Crucis en este a\u00f1o 2024. Conquense y enamorado de nuestra Semana Santa, que seg\u00fan sus palabras recoge \u00abla soledad y la sencillez de las calles de San Ant\u00f3n y la devoci\u00f3n de los fieles por la Imagen de Ntro. Padre Jes\u00fas Amarrado\u00bb.<\/p>\n\n\n\n<p>El pr\u00f3ximo 16 de Febrero tendr\u00e1 lugar el V\u00eda Crucis, en el primer viernes de Cuaresma.<\/p>\n\n\n\n<ul class=\"wp-block-list\">\n<li>19:15 horas,&nbsp;<strong>Santa Misa de Inicio de Cuaresma.<\/strong>&nbsp;Se celebrar\u00e1 en la parroquia de la Virgen de la Luz y ser\u00e1 oficiada (D.M.) por el Ilmo. y Rvdmo. Sr. Obispo de la Di\u00f3cesis de Cuenca. En la ceremonia participar\u00e1 el Coro de C\u00e1mara \u00abAlonso Lobo\u00bb.<\/li>\n\n\n\n<li>20:00 horas,&nbsp;<strong>comenzar\u00e1 el V\u00eda Crucis por las calles del barrio de San Ant\u00f3n.<\/strong><\/li>\n<\/ul>\n","protected":false},"excerpt":{"rendered":"<p>Diego Forriol es el encargado de anunciar nuestro tradicional V\u00eda Crucis en este a\u00f1o 2024. Conquense y enamorado de nuestra Semana Santa, que seg\u00fan sus palabras recoge \u00abla soledad y la sencillez de las calles de San Ant\u00f3n y la devoci\u00f3n de los fieles por la Imagen de Ntro. Padre Jes\u00fas Amarrado\u00bb. El pr\u00f3ximo 16 [&hellip;]<\/p>\n","protected":false},"author":1,"featured_media":0,"comment_status":"closed","ping_status":"open","sticky":false,"template":"","format":"standard","meta":{"_eb_attr":"","footnotes":""},"categories":[7],"tags":[8],"class_list":["post-103","post","type-post","status-publish","format-standard","hentry","category-noticias","tag-via-crucis"],"_links":{"self":[{"href":"http:\/\/www.jesusamarrado.com\/index.php?rest_route=\/wp\/v2\/posts\/103","targetHints":{"allow":["GET"]}}],"collection":[{"href":"http:\/\/www.jesusamarrado.com\/index.php?rest_route=\/wp\/v2\/posts"}],"about":[{"href":"http:\/\/www.jesusamarrado.com\/index.php?rest_route=\/wp\/v2\/types\/post"}],"author":[{"embeddable":true,"href":"http:\/\/www.jesusamarrado.com\/index.php?rest_route=\/wp\/v2\/users\/1"}],"replies":[{"embeddable":true,"href":"http:\/\/www.jesusamarrado.com\/index.php?rest_route=%2Fwp%2Fv2%2Fcomments&post=103"}],"version-history":[{"count":3,"href":"http:\/\/www.jesusamarrado.com\/index.php?rest_route=\/wp\/v2\/posts\/103\/revisions"}],"predecessor-version":[{"id":179,"href":"http:\/\/www.jesusamarrado.com\/index.php?rest_route=\/wp\/v2\/posts\/103\/revisions\/179"}],"wp:attachment":[{"href":"http:\/\/www.jesusamarrado.com\/index.php?rest_route=%2Fwp%2Fv2%2Fmedia&parent=103"}],"wp:term":[{"taxonomy":"category","embeddable":true,"href":"http:\/\/www.jesusamarrado.com\/index.php?rest_route=%2Fwp%2Fv2%2Fcategories&post=103"},{"taxonomy":"post_tag","embeddable":true,"href":"http:\/\/www.jesusamarrado.com\/index.php?rest_route=%2Fwp%2Fv2%2Ftags&post=103"}],"curies":[{"name":"wp","href":"https:\/\/api.w.org\/{rel}","templated":true}]}}